		
		
		{"items":"\t\t\t<link rel=\"stylesheet\" id=\"wd-photoswipe-css\" href=\"https:\/\/muenchen-xase.de\/wp-content\/themes\/woodmart\/css\/parts\/lib-photoswipe.min.css?ver=7.2.5\" type=\"text\/css\" media=\"all\" \/> \t\t\t\t\t\t<link rel=\"stylesheet\" id=\"wd-project-under-css\" href=\"https:\/\/muenchen-xase.de\/wp-content\/themes\/woodmart\/css\/parts\/project-under.min.css?ver=7.2.5\" type=\"text\/css\" media=\"all\" \/> \t\t\t\n\t\t\n\t\t\n\t\t\t\t\t\t\t\t\n<article id=\"post-9536\" class=\"portfolio-entry  col-lg-4 col-md-4 col-sm-6 col-12 portfolio-single masonry-item proj-cat-galerie-ansehen portfolio-text-shown post-9536 portfolio type-portfolio status-publish has-post-thumbnail hentry project-cat-galerie-ansehen\">\n\t<header class=\"entry-header\">\n\t\t\t\t\t<figure class=\"entry-thumbnail color-scheme-light\">\n\t\t\t\t<a href=\"https:\/\/muenchen-xase.de\/fotogallerie\/tscherkessischer-muezikabend-in-der-muenchener-volkshochschule-2019\/\" class=\"portfolio-thumbnail\">\n\t\t\t\t\t<img width=\"750\" height=\"750\" src=\"https:\/\/muenchen-xase.de\/wp-content\/uploads\/2023\/04\/Tscherkessischer-Muezikabend-in-der-Muenchener-Volkshochschule-2019-1.webp\" class=\"attachment-large size-large wp-image-9545\" alt=\"\" decoding=\"async\" srcset=\"https:\/\/muenchen-xase.de\/wp-content\/uploads\/2023\/04\/Tscherkessischer-Muezikabend-in-der-Muenchener-Volkshochschule-2019-1.webp 750w, https:\/\/muenchen-xase.de\/wp-content\/uploads\/2023\/04\/Tscherkessischer-Muezikabend-in-der-Muenchener-Volkshochschule-2019-1-430x430.webp 430w, https:\/\/muenchen-xase.de\/wp-content\/uploads\/2023\/04\/Tscherkessischer-Muezikabend-in-der-Muenchener-Volkshochschule-2019-1-150x150.webp 150w, https:\/\/muenchen-xase.de\/wp-content\/uploads\/2023\/04\/Tscherkessischer-Muezikabend-in-der-Muenchener-Volkshochschule-2019-1-700x700.webp 700w, https:\/\/muenchen-xase.de\/wp-content\/uploads\/2023\/04\/Tscherkessischer-Muezikabend-in-der-Muenchener-Volkshochschule-2019-1-300x300.webp 300w\" sizes=\"(max-width: 750px) 100vw, 750px\" \/>\t\t\t\t<\/a>\n\t\t\t\t<div class=\"wd-portfolio-btns\">\n\t\t\t\t\t<div class=\"portfolio-enlarge wd-action-btn wd-style-icon wd-enlarge-icon wd-tltp wd-tltp-left\">\n\t\t\t\t\t\t<a href=\"https:\/\/muenchen-xase.de\/wp-content\/uploads\/2023\/04\/Tscherkessischer-Muezikabend-in-der-Muenchener-Volkshochschule-2019-1.webp\" data-elementor-open-lightbox=\"no\">View Large<\/a>\n\t\t\t\t\t<\/div>\n\t\t\t\t\t\t\t\t\t\t\t<div class=\"social-icons-wrapper wd-action-btn wd-style-icon wd-share-icon wd-tltp wd-tltp-left\">\n\t\t\t\t\t\t\t<a><\/a>\n\t\t\t\t\t\t\t<div class=\"wd-tooltip-label\">\n\t\t\t\t\t\t\t\t\t\t\t<link rel=\"stylesheet\" id=\"wd-social-icons-css\" href=\"https:\/\/muenchen-xase.de\/wp-content\/themes\/woodmart\/css\/parts\/el-social-icons.min.css?ver=7.2.5\" type=\"text\/css\" media=\"all\" \/> \t\t\t\n\t\t\t<div class=\"wd-social-icons icons-design-default icons-size-small color-scheme-light social-share social-form-circle text-center\">\n\n\t\t\t\t\n\t\t\t\t\t\t\t\t\t<a rel=\"noopener noreferrer nofollow\" href=\"https:\/\/www.facebook.com\/sharer\/sharer.php?u=https:\/\/muenchen-xase.de\/fotogallerie\/tscherkessischer-muezikabend-in-der-muenchener-volkshochschule-2019\/\" target=\"_blank\" class=\" wd-social-icon social-facebook\" aria-label=\"Facebook social link\">\n\t\t\t\t\t\t<span class=\"wd-icon\"><\/span>\n\t\t\t\t\t\t\t\t\t\t\t<\/a>\n\t\t\t\t\n\t\t\t\t\t\t\t\t\t<a rel=\"noopener noreferrer nofollow\" href=\"https:\/\/twitter.com\/share?url=https:\/\/muenchen-xase.de\/fotogallerie\/tscherkessischer-muezikabend-in-der-muenchener-volkshochschule-2019\/\" target=\"_blank\" class=\" wd-social-icon social-twitter\" aria-label=\"Twitter social link\">\n\t\t\t\t\t\t<span class=\"wd-icon\"><\/span>\n\t\t\t\t\t\t\t\t\t\t\t<\/a>\n\t\t\t\t\n\t\t\t\t\n\t\t\t\t\n\t\t\t\t\n\t\t\t\t\t\t\t\t\t<a rel=\"noopener noreferrer nofollow\" href=\"https:\/\/pinterest.com\/pin\/create\/button\/?url=https:\/\/muenchen-xase.de\/fotogallerie\/tscherkessischer-muezikabend-in-der-muenchener-volkshochschule-2019\/&media=https:\/\/muenchen-xase.de\/wp-content\/uploads\/2023\/04\/Tscherkessischer-Muezikabend-in-der-Muenchener-Volkshochschule-2019-1.webp&description=Tscherkessischer+M%C3%BCzikabend+in+der+M%C3%BCnchener+Volkshochschule+2019\" target=\"_blank\" class=\" wd-social-icon social-pinterest\" aria-label=\"Pinterest social link\">\n\t\t\t\t\t\t<span class=\"wd-icon\"><\/span>\n\t\t\t\t\t\t\t\t\t\t\t<\/a>\n\t\t\t\t\n\t\t\t\t\n\t\t\t\t\t\t\t\t\t<a rel=\"noopener noreferrer nofollow\" href=\"https:\/\/www.linkedin.com\/shareArticle?mini=true&url=https:\/\/muenchen-xase.de\/fotogallerie\/tscherkessischer-muezikabend-in-der-muenchener-volkshochschule-2019\/\" target=\"_blank\" class=\" wd-social-icon social-linkedin\" aria-label=\"Linkedin social link\">\n\t\t\t\t\t\t<span class=\"wd-icon\"><\/span>\n\t\t\t\t\t\t\t\t\t\t\t<\/a>\n\t\t\t\t\n\t\t\t\t\n\t\t\t\t\n\t\t\t\t\n\t\t\t\t\n\t\t\t\t\n\t\t\t\t\n\t\t\t\t\n\t\t\t\t\n\t\t\t\t\n\t\t\t\t\t\t\t\t\n\t\t\t\t\t\t\t\t\n\t\t\t\t\n\t\t\t\t\t\t\t\t\t<a rel=\"noopener noreferrer nofollow\" href=\"https:\/\/telegram.me\/share\/url?url=https:\/\/muenchen-xase.de\/fotogallerie\/tscherkessischer-muezikabend-in-der-muenchener-volkshochschule-2019\/\" target=\"_blank\" class=\" wd-social-icon social-tg\" aria-label=\"Telegram social link\">\n\t\t\t\t\t\t<span class=\"wd-icon\"><\/span>\n\t\t\t\t\t\t\t\t\t\t\t<\/a>\n\t\t\t\t\t\t\t\t\n\t\t\t\t\n\t\t\t<\/div>\n\n\t\t\t\t\t\t\t\t\t<\/div>\n\t\t\t\t\t\t<\/div>\n\t\t\t\t\t\t\t\t\t<\/div>\n\t\t\t<\/figure>\n\t\t\n\t\t<div class=\"portfolio-info\">\n\t\t\t\t\t\t\t<div class=\"wrap-meta\">\n\t\t\t\t\t<ul class=\"proj-cats-list\">\n\t\t\t\t\t\t\t\t\t\t\t\t\t\t\t\t\t\t\t\t<li>Galerie ansehen<\/li>\n\t\t\t\t\t\t\t\t\t\t\t<\/ul>\n\t\t\t\t<\/div>\n\t\t\t\n\t\t\t<div class=\"wrap-title\">\n\t\t\t\t<h3 class=\"wd-entities-title\">\n\t\t\t\t\t<a href=\"https:\/\/muenchen-xase.de\/fotogallerie\/tscherkessischer-muezikabend-in-der-muenchener-volkshochschule-2019\/\" rel=\"bookmark\">Tscherkessischer M\u00fczikabend in der M\u00fcnchener Volkshochschule 2019<\/a>\n\t\t\t\t<\/h3>\n\t\t\t<\/div>\n\t\t<\/div>\n\t<\/header>\n<\/article>\n\t\t\t\t\t\t\t\t\n<article id=\"post-9311\" class=\"portfolio-entry  col-lg-4 col-md-4 col-sm-6 col-12 portfolio-single masonry-item proj-cat-galerie-ansehen portfolio-text-shown post-9311 portfolio type-portfolio status-publish has-post-thumbnail hentry project-cat-galerie-ansehen\">\n\t<header class=\"entry-header\">\n\t\t\t\t\t<figure class=\"entry-thumbnail color-scheme-light\">\n\t\t\t\t<a href=\"https:\/\/muenchen-xase.de\/fotogallerie\/tscherkessischer-kulturverein-muenchen-e-v-50-jaehriges-vereinsjubilaeum-2018-teil-1\/\" class=\"portfolio-thumbnail\">\n\t\t\t\t\t<img width=\"720\" height=\"720\" src=\"https:\/\/muenchen-xase.de\/wp-content\/uploads\/2023\/04\/Tscherkessischer-Kulturverein-Muenchen-eV-50-jaehriges-Vereinsjubilaeum-2018-44.webp\" class=\"attachment-large size-large wp-image-9352\" alt=\"\" decoding=\"async\" srcset=\"https:\/\/muenchen-xase.de\/wp-content\/uploads\/2023\/04\/Tscherkessischer-Kulturverein-Muenchen-eV-50-jaehriges-Vereinsjubilaeum-2018-44.webp 720w, https:\/\/muenchen-xase.de\/wp-content\/uploads\/2023\/04\/Tscherkessischer-Kulturverein-Muenchen-eV-50-jaehriges-Vereinsjubilaeum-2018-44-430x430.webp 430w, https:\/\/muenchen-xase.de\/wp-content\/uploads\/2023\/04\/Tscherkessischer-Kulturverein-Muenchen-eV-50-jaehriges-Vereinsjubilaeum-2018-44-150x150.webp 150w, https:\/\/muenchen-xase.de\/wp-content\/uploads\/2023\/04\/Tscherkessischer-Kulturverein-Muenchen-eV-50-jaehriges-Vereinsjubilaeum-2018-44-700x700.webp 700w, https:\/\/muenchen-xase.de\/wp-content\/uploads\/2023\/04\/Tscherkessischer-Kulturverein-Muenchen-eV-50-jaehriges-Vereinsjubilaeum-2018-44-300x300.webp 300w\" sizes=\"(max-width: 720px) 100vw, 720px\" \/>\t\t\t\t<\/a>\n\t\t\t\t<div class=\"wd-portfolio-btns\">\n\t\t\t\t\t<div class=\"portfolio-enlarge wd-action-btn wd-style-icon wd-enlarge-icon wd-tltp wd-tltp-left\">\n\t\t\t\t\t\t<a href=\"https:\/\/muenchen-xase.de\/wp-content\/uploads\/2023\/04\/Tscherkessischer-Kulturverein-Muenchen-eV-50-jaehriges-Vereinsjubilaeum-2018-44.webp\" data-elementor-open-lightbox=\"no\">View Large<\/a>\n\t\t\t\t\t<\/div>\n\t\t\t\t\t\t\t\t\t\t\t<div class=\"social-icons-wrapper wd-action-btn wd-style-icon wd-share-icon wd-tltp wd-tltp-left\">\n\t\t\t\t\t\t\t<a><\/a>\n\t\t\t\t\t\t\t<div class=\"wd-tooltip-label\">\n\t\t\t\t\t\t\t\t\n\t\t\t<div class=\"wd-social-icons icons-design-default icons-size-small color-scheme-light social-share social-form-circle text-center\">\n\n\t\t\t\t\n\t\t\t\t\t\t\t\t\t<a rel=\"noopener noreferrer nofollow\" href=\"https:\/\/www.facebook.com\/sharer\/sharer.php?u=https:\/\/muenchen-xase.de\/fotogallerie\/tscherkessischer-kulturverein-muenchen-e-v-50-jaehriges-vereinsjubilaeum-2018-teil-1\/\" target=\"_blank\" class=\" wd-social-icon social-facebook\" aria-label=\"Facebook social link\">\n\t\t\t\t\t\t<span class=\"wd-icon\"><\/span>\n\t\t\t\t\t\t\t\t\t\t\t<\/a>\n\t\t\t\t\n\t\t\t\t\t\t\t\t\t<a rel=\"noopener noreferrer nofollow\" href=\"https:\/\/twitter.com\/share?url=https:\/\/muenchen-xase.de\/fotogallerie\/tscherkessischer-kulturverein-muenchen-e-v-50-jaehriges-vereinsjubilaeum-2018-teil-1\/\" target=\"_blank\" class=\" wd-social-icon social-twitter\" aria-label=\"Twitter social link\">\n\t\t\t\t\t\t<span class=\"wd-icon\"><\/span>\n\t\t\t\t\t\t\t\t\t\t\t<\/a>\n\t\t\t\t\n\t\t\t\t\n\t\t\t\t\n\t\t\t\t\n\t\t\t\t\t\t\t\t\t<a rel=\"noopener noreferrer nofollow\" href=\"https:\/\/pinterest.com\/pin\/create\/button\/?url=https:\/\/muenchen-xase.de\/fotogallerie\/tscherkessischer-kulturverein-muenchen-e-v-50-jaehriges-vereinsjubilaeum-2018-teil-1\/&media=https:\/\/muenchen-xase.de\/wp-content\/uploads\/2023\/04\/Tscherkessischer-Kulturverein-Muenchen-eV-50-jaehriges-Vereinsjubilaeum-2018-44.webp&description=Tscherkessischer+Kulturverein+M%C3%BCnchen+e.V+50+j%C3%A4hriges++Vereinsjubil%C3%A4um+2018+Te%C4%B1l+1\" target=\"_blank\" class=\" wd-social-icon social-pinterest\" aria-label=\"Pinterest social link\">\n\t\t\t\t\t\t<span class=\"wd-icon\"><\/span>\n\t\t\t\t\t\t\t\t\t\t\t<\/a>\n\t\t\t\t\n\t\t\t\t\n\t\t\t\t\t\t\t\t\t<a rel=\"noopener noreferrer nofollow\" href=\"https:\/\/www.linkedin.com\/shareArticle?mini=true&url=https:\/\/muenchen-xase.de\/fotogallerie\/tscherkessischer-kulturverein-muenchen-e-v-50-jaehriges-vereinsjubilaeum-2018-teil-1\/\" target=\"_blank\" class=\" wd-social-icon social-linkedin\" aria-label=\"Linkedin social link\">\n\t\t\t\t\t\t<span class=\"wd-icon\"><\/span>\n\t\t\t\t\t\t\t\t\t\t\t<\/a>\n\t\t\t\t\n\t\t\t\t\n\t\t\t\t\n\t\t\t\t\n\t\t\t\t\n\t\t\t\t\n\t\t\t\t\n\t\t\t\t\n\t\t\t\t\n\t\t\t\t\n\t\t\t\t\t\t\t\t\n\t\t\t\t\t\t\t\t\n\t\t\t\t\n\t\t\t\t\t\t\t\t\t<a rel=\"noopener noreferrer nofollow\" href=\"https:\/\/telegram.me\/share\/url?url=https:\/\/muenchen-xase.de\/fotogallerie\/tscherkessischer-kulturverein-muenchen-e-v-50-jaehriges-vereinsjubilaeum-2018-teil-1\/\" target=\"_blank\" class=\" wd-social-icon social-tg\" aria-label=\"Telegram social link\">\n\t\t\t\t\t\t<span class=\"wd-icon\"><\/span>\n\t\t\t\t\t\t\t\t\t\t\t<\/a>\n\t\t\t\t\t\t\t\t\n\t\t\t\t\n\t\t\t<\/div>\n\n\t\t\t\t\t\t\t\t\t<\/div>\n\t\t\t\t\t\t<\/div>\n\t\t\t\t\t\t\t\t\t<\/div>\n\t\t\t<\/figure>\n\t\t\n\t\t<div class=\"portfolio-info\">\n\t\t\t\t\t\t\t<div class=\"wrap-meta\">\n\t\t\t\t\t<ul class=\"proj-cats-list\">\n\t\t\t\t\t\t\t\t\t\t\t\t\t\t\t\t\t\t\t\t<li>Galerie ansehen<\/li>\n\t\t\t\t\t\t\t\t\t\t\t<\/ul>\n\t\t\t\t<\/div>\n\t\t\t\n\t\t\t<div class=\"wrap-title\">\n\t\t\t\t<h3 class=\"wd-entities-title\">\n\t\t\t\t\t<a href=\"https:\/\/muenchen-xase.de\/fotogallerie\/tscherkessischer-kulturverein-muenchen-e-v-50-jaehriges-vereinsjubilaeum-2018-teil-1\/\" rel=\"bookmark\">Tscherkessischer Kulturverein M\u00fcnchen e.V 50 j\u00e4hriges  Vereinsjubil\u00e4um 2018 Te\u0131l 1<\/a>\n\t\t\t\t<\/h3>\n\t\t\t<\/div>\n\t\t<\/div>\n\t<\/header>\n<\/article>\n\t\t\t\t\t\t\t\t\n<article id=\"post-9374\" class=\"portfolio-entry  col-lg-4 col-md-4 col-sm-6 col-12 portfolio-single masonry-item proj-cat-galerie-ansehen portfolio-text-shown post-9374 portfolio type-portfolio status-publish has-post-thumbnail hentry project-cat-galerie-ansehen\">\n\t<header class=\"entry-header\">\n\t\t\t\t\t<figure class=\"entry-thumbnail color-scheme-light\">\n\t\t\t\t<a href=\"https:\/\/muenchen-xase.de\/fotogallerie\/tscherkessischer-kulturverein-muenchen-e-v-50-jaehriges-vereinsjubilaeum-2018-teil-2\/\" class=\"portfolio-thumbnail\">\n\t\t\t\t\t<img width=\"750\" height=\"750\" src=\"https:\/\/muenchen-xase.de\/wp-content\/uploads\/2023\/04\/Tscherkessischer-Kulturverein-Muenchen-eV-50-jaehriges-Vereinsjubilaeum-2018-45-1.webp\" class=\"attachment-large size-large wp-image-9415\" alt=\"\" decoding=\"async\" srcset=\"https:\/\/muenchen-xase.de\/wp-content\/uploads\/2023\/04\/Tscherkessischer-Kulturverein-Muenchen-eV-50-jaehriges-Vereinsjubilaeum-2018-45-1.webp 750w, https:\/\/muenchen-xase.de\/wp-content\/uploads\/2023\/04\/Tscherkessischer-Kulturverein-Muenchen-eV-50-jaehriges-Vereinsjubilaeum-2018-45-1-430x430.webp 430w, https:\/\/muenchen-xase.de\/wp-content\/uploads\/2023\/04\/Tscherkessischer-Kulturverein-Muenchen-eV-50-jaehriges-Vereinsjubilaeum-2018-45-1-150x150.webp 150w, https:\/\/muenchen-xase.de\/wp-content\/uploads\/2023\/04\/Tscherkessischer-Kulturverein-Muenchen-eV-50-jaehriges-Vereinsjubilaeum-2018-45-1-700x700.webp 700w, https:\/\/muenchen-xase.de\/wp-content\/uploads\/2023\/04\/Tscherkessischer-Kulturverein-Muenchen-eV-50-jaehriges-Vereinsjubilaeum-2018-45-1-300x300.webp 300w\" sizes=\"(max-width: 750px) 100vw, 750px\" \/>\t\t\t\t<\/a>\n\t\t\t\t<div class=\"wd-portfolio-btns\">\n\t\t\t\t\t<div class=\"portfolio-enlarge wd-action-btn wd-style-icon wd-enlarge-icon wd-tltp wd-tltp-left\">\n\t\t\t\t\t\t<a href=\"https:\/\/muenchen-xase.de\/wp-content\/uploads\/2023\/04\/Tscherkessischer-Kulturverein-Muenchen-eV-50-jaehriges-Vereinsjubilaeum-2018-45-1.webp\" data-elementor-open-lightbox=\"no\">View Large<\/a>\n\t\t\t\t\t<\/div>\n\t\t\t\t\t\t\t\t\t\t\t<div class=\"social-icons-wrapper wd-action-btn wd-style-icon wd-share-icon wd-tltp wd-tltp-left\">\n\t\t\t\t\t\t\t<a><\/a>\n\t\t\t\t\t\t\t<div class=\"wd-tooltip-label\">\n\t\t\t\t\t\t\t\t\n\t\t\t<div class=\"wd-social-icons icons-design-default icons-size-small color-scheme-light social-share social-form-circle text-center\">\n\n\t\t\t\t\n\t\t\t\t\t\t\t\t\t<a rel=\"noopener noreferrer nofollow\" href=\"https:\/\/www.facebook.com\/sharer\/sharer.php?u=https:\/\/muenchen-xase.de\/fotogallerie\/tscherkessischer-kulturverein-muenchen-e-v-50-jaehriges-vereinsjubilaeum-2018-teil-2\/\" target=\"_blank\" class=\" wd-social-icon social-facebook\" aria-label=\"Facebook social link\">\n\t\t\t\t\t\t<span class=\"wd-icon\"><\/span>\n\t\t\t\t\t\t\t\t\t\t\t<\/a>\n\t\t\t\t\n\t\t\t\t\t\t\t\t\t<a rel=\"noopener noreferrer nofollow\" href=\"https:\/\/twitter.com\/share?url=https:\/\/muenchen-xase.de\/fotogallerie\/tscherkessischer-kulturverein-muenchen-e-v-50-jaehriges-vereinsjubilaeum-2018-teil-2\/\" target=\"_blank\" class=\" wd-social-icon social-twitter\" aria-label=\"Twitter social link\">\n\t\t\t\t\t\t<span class=\"wd-icon\"><\/span>\n\t\t\t\t\t\t\t\t\t\t\t<\/a>\n\t\t\t\t\n\t\t\t\t\n\t\t\t\t\n\t\t\t\t\n\t\t\t\t\t\t\t\t\t<a rel=\"noopener noreferrer nofollow\" href=\"https:\/\/pinterest.com\/pin\/create\/button\/?url=https:\/\/muenchen-xase.de\/fotogallerie\/tscherkessischer-kulturverein-muenchen-e-v-50-jaehriges-vereinsjubilaeum-2018-teil-2\/&media=https:\/\/muenchen-xase.de\/wp-content\/uploads\/2023\/04\/Tscherkessischer-Kulturverein-Muenchen-eV-50-jaehriges-Vereinsjubilaeum-2018-45-1.webp&description=Tscherkessischer+Kulturverein+M%C3%BCnchen+e.V+50+j%C3%A4hriges++Vereinsjubil%C3%A4um+2018+Te%C4%B1l+2\" target=\"_blank\" class=\" wd-social-icon social-pinterest\" aria-label=\"Pinterest social link\">\n\t\t\t\t\t\t<span class=\"wd-icon\"><\/span>\n\t\t\t\t\t\t\t\t\t\t\t<\/a>\n\t\t\t\t\n\t\t\t\t\n\t\t\t\t\t\t\t\t\t<a rel=\"noopener noreferrer nofollow\" href=\"https:\/\/www.linkedin.com\/shareArticle?mini=true&url=https:\/\/muenchen-xase.de\/fotogallerie\/tscherkessischer-kulturverein-muenchen-e-v-50-jaehriges-vereinsjubilaeum-2018-teil-2\/\" target=\"_blank\" class=\" wd-social-icon social-linkedin\" aria-label=\"Linkedin social link\">\n\t\t\t\t\t\t<span class=\"wd-icon\"><\/span>\n\t\t\t\t\t\t\t\t\t\t\t<\/a>\n\t\t\t\t\n\t\t\t\t\n\t\t\t\t\n\t\t\t\t\n\t\t\t\t\n\t\t\t\t\n\t\t\t\t\n\t\t\t\t\n\t\t\t\t\n\t\t\t\t\n\t\t\t\t\t\t\t\t\n\t\t\t\t\t\t\t\t\n\t\t\t\t\n\t\t\t\t\t\t\t\t\t<a rel=\"noopener noreferrer nofollow\" href=\"https:\/\/telegram.me\/share\/url?url=https:\/\/muenchen-xase.de\/fotogallerie\/tscherkessischer-kulturverein-muenchen-e-v-50-jaehriges-vereinsjubilaeum-2018-teil-2\/\" target=\"_blank\" class=\" wd-social-icon social-tg\" aria-label=\"Telegram social link\">\n\t\t\t\t\t\t<span class=\"wd-icon\"><\/span>\n\t\t\t\t\t\t\t\t\t\t\t<\/a>\n\t\t\t\t\t\t\t\t\n\t\t\t\t\n\t\t\t<\/div>\n\n\t\t\t\t\t\t\t\t\t<\/div>\n\t\t\t\t\t\t<\/div>\n\t\t\t\t\t\t\t\t\t<\/div>\n\t\t\t<\/figure>\n\t\t\n\t\t<div class=\"portfolio-info\">\n\t\t\t\t\t\t\t<div class=\"wrap-meta\">\n\t\t\t\t\t<ul class=\"proj-cats-list\">\n\t\t\t\t\t\t\t\t\t\t\t\t\t\t\t\t\t\t\t\t<li>Galerie ansehen<\/li>\n\t\t\t\t\t\t\t\t\t\t\t<\/ul>\n\t\t\t\t<\/div>\n\t\t\t\n\t\t\t<div class=\"wrap-title\">\n\t\t\t\t<h3 class=\"wd-entities-title\">\n\t\t\t\t\t<a href=\"https:\/\/muenchen-xase.de\/fotogallerie\/tscherkessischer-kulturverein-muenchen-e-v-50-jaehriges-vereinsjubilaeum-2018-teil-2\/\" rel=\"bookmark\">Tscherkessischer Kulturverein M\u00fcnchen e.V 50 j\u00e4hriges  Vereinsjubil\u00e4um 2018 Te\u0131l 2<\/a>\n\t\t\t\t<\/h3>\n\t\t\t<\/div>\n\t\t<\/div>\n\t<\/header>\n<\/article>\n\t\t\t\t\t\t\t\t\n<article id=\"post-9465\" class=\"portfolio-entry  col-lg-4 col-md-4 col-sm-6 col-12 portfolio-single masonry-item proj-cat-galerie-ansehen portfolio-text-shown post-9465 portfolio type-portfolio status-publish has-post-thumbnail hentry project-cat-galerie-ansehen\">\n\t<header class=\"entry-header\">\n\t\t\t\t\t<figure class=\"entry-thumbnail color-scheme-light\">\n\t\t\t\t<a href=\"https:\/\/muenchen-xase.de\/fotogallerie\/tscherkessischer-kulturverein-muenchen-e-v-ostertreffen-der-vereine-in-europa-gastgeberverein-muenchen-2016\/\" class=\"portfolio-thumbnail\">\n\t\t\t\t\t<img width=\"750\" height=\"750\" src=\"https:\/\/muenchen-xase.de\/wp-content\/uploads\/2023\/04\/Tscherkessischer-Kulturverein-Muenchen-eV-Ostertreffen-der-Vereine-in-Europa-Gastgeberverein-Muenchen-2016-48-1.webp\" class=\"attachment-large size-large wp-image-9514\" alt=\"\" decoding=\"async\" srcset=\"https:\/\/muenchen-xase.de\/wp-content\/uploads\/2023\/04\/Tscherkessischer-Kulturverein-Muenchen-eV-Ostertreffen-der-Vereine-in-Europa-Gastgeberverein-Muenchen-2016-48-1.webp 750w, https:\/\/muenchen-xase.de\/wp-content\/uploads\/2023\/04\/Tscherkessischer-Kulturverein-Muenchen-eV-Ostertreffen-der-Vereine-in-Europa-Gastgeberverein-Muenchen-2016-48-1-430x430.webp 430w, https:\/\/muenchen-xase.de\/wp-content\/uploads\/2023\/04\/Tscherkessischer-Kulturverein-Muenchen-eV-Ostertreffen-der-Vereine-in-Europa-Gastgeberverein-Muenchen-2016-48-1-150x150.webp 150w, https:\/\/muenchen-xase.de\/wp-content\/uploads\/2023\/04\/Tscherkessischer-Kulturverein-Muenchen-eV-Ostertreffen-der-Vereine-in-Europa-Gastgeberverein-Muenchen-2016-48-1-700x700.webp 700w, https:\/\/muenchen-xase.de\/wp-content\/uploads\/2023\/04\/Tscherkessischer-Kulturverein-Muenchen-eV-Ostertreffen-der-Vereine-in-Europa-Gastgeberverein-Muenchen-2016-48-1-300x300.webp 300w\" sizes=\"(max-width: 750px) 100vw, 750px\" \/>\t\t\t\t<\/a>\n\t\t\t\t<div class=\"wd-portfolio-btns\">\n\t\t\t\t\t<div class=\"portfolio-enlarge wd-action-btn wd-style-icon wd-enlarge-icon wd-tltp wd-tltp-left\">\n\t\t\t\t\t\t<a href=\"https:\/\/muenchen-xase.de\/wp-content\/uploads\/2023\/04\/Tscherkessischer-Kulturverein-Muenchen-eV-Ostertreffen-der-Vereine-in-Europa-Gastgeberverein-Muenchen-2016-48-1.webp\" data-elementor-open-lightbox=\"no\">View Large<\/a>\n\t\t\t\t\t<\/div>\n\t\t\t\t\t\t\t\t\t\t\t<div class=\"social-icons-wrapper wd-action-btn wd-style-icon wd-share-icon wd-tltp wd-tltp-left\">\n\t\t\t\t\t\t\t<a><\/a>\n\t\t\t\t\t\t\t<div class=\"wd-tooltip-label\">\n\t\t\t\t\t\t\t\t\n\t\t\t<div class=\"wd-social-icons icons-design-default icons-size-small color-scheme-light social-share social-form-circle text-center\">\n\n\t\t\t\t\n\t\t\t\t\t\t\t\t\t<a rel=\"noopener noreferrer nofollow\" href=\"https:\/\/www.facebook.com\/sharer\/sharer.php?u=https:\/\/muenchen-xase.de\/fotogallerie\/tscherkessischer-kulturverein-muenchen-e-v-ostertreffen-der-vereine-in-europa-gastgeberverein-muenchen-2016\/\" target=\"_blank\" class=\" wd-social-icon social-facebook\" aria-label=\"Facebook social link\">\n\t\t\t\t\t\t<span class=\"wd-icon\"><\/span>\n\t\t\t\t\t\t\t\t\t\t\t<\/a>\n\t\t\t\t\n\t\t\t\t\t\t\t\t\t<a rel=\"noopener noreferrer nofollow\" href=\"https:\/\/twitter.com\/share?url=https:\/\/muenchen-xase.de\/fotogallerie\/tscherkessischer-kulturverein-muenchen-e-v-ostertreffen-der-vereine-in-europa-gastgeberverein-muenchen-2016\/\" target=\"_blank\" class=\" wd-social-icon social-twitter\" aria-label=\"Twitter social link\">\n\t\t\t\t\t\t<span class=\"wd-icon\"><\/span>\n\t\t\t\t\t\t\t\t\t\t\t<\/a>\n\t\t\t\t\n\t\t\t\t\n\t\t\t\t\n\t\t\t\t\n\t\t\t\t\t\t\t\t\t<a rel=\"noopener noreferrer nofollow\" href=\"https:\/\/pinterest.com\/pin\/create\/button\/?url=https:\/\/muenchen-xase.de\/fotogallerie\/tscherkessischer-kulturverein-muenchen-e-v-ostertreffen-der-vereine-in-europa-gastgeberverein-muenchen-2016\/&media=https:\/\/muenchen-xase.de\/wp-content\/uploads\/2023\/04\/Tscherkessischer-Kulturverein-Muenchen-eV-Ostertreffen-der-Vereine-in-Europa-Gastgeberverein-Muenchen-2016-48-1.webp&description=Tscherkessischer+Kulturverein+M%C3%BCnchen+e.V+Ostertreffen+der++Vereine+in+Europa.+Gastgeberverein+M%C3%BCnchen+2016\" target=\"_blank\" class=\" wd-social-icon social-pinterest\" aria-label=\"Pinterest social link\">\n\t\t\t\t\t\t<span class=\"wd-icon\"><\/span>\n\t\t\t\t\t\t\t\t\t\t\t<\/a>\n\t\t\t\t\n\t\t\t\t\n\t\t\t\t\t\t\t\t\t<a rel=\"noopener noreferrer nofollow\" href=\"https:\/\/www.linkedin.com\/shareArticle?mini=true&url=https:\/\/muenchen-xase.de\/fotogallerie\/tscherkessischer-kulturverein-muenchen-e-v-ostertreffen-der-vereine-in-europa-gastgeberverein-muenchen-2016\/\" target=\"_blank\" class=\" wd-social-icon social-linkedin\" aria-label=\"Linkedin social link\">\n\t\t\t\t\t\t<span class=\"wd-icon\"><\/span>\n\t\t\t\t\t\t\t\t\t\t\t<\/a>\n\t\t\t\t\n\t\t\t\t\n\t\t\t\t\n\t\t\t\t\n\t\t\t\t\n\t\t\t\t\n\t\t\t\t\n\t\t\t\t\n\t\t\t\t\n\t\t\t\t\n\t\t\t\t\t\t\t\t\n\t\t\t\t\t\t\t\t\n\t\t\t\t\n\t\t\t\t\t\t\t\t\t<a rel=\"noopener noreferrer nofollow\" href=\"https:\/\/telegram.me\/share\/url?url=https:\/\/muenchen-xase.de\/fotogallerie\/tscherkessischer-kulturverein-muenchen-e-v-ostertreffen-der-vereine-in-europa-gastgeberverein-muenchen-2016\/\" target=\"_blank\" class=\" wd-social-icon social-tg\" aria-label=\"Telegram social link\">\n\t\t\t\t\t\t<span class=\"wd-icon\"><\/span>\n\t\t\t\t\t\t\t\t\t\t\t<\/a>\n\t\t\t\t\t\t\t\t\n\t\t\t\t\n\t\t\t<\/div>\n\n\t\t\t\t\t\t\t\t\t<\/div>\n\t\t\t\t\t\t<\/div>\n\t\t\t\t\t\t\t\t\t<\/div>\n\t\t\t<\/figure>\n\t\t\n\t\t<div class=\"portfolio-info\">\n\t\t\t\t\t\t\t<div class=\"wrap-meta\">\n\t\t\t\t\t<ul class=\"proj-cats-list\">\n\t\t\t\t\t\t\t\t\t\t\t\t\t\t\t\t\t\t\t\t<li>Galerie ansehen<\/li>\n\t\t\t\t\t\t\t\t\t\t\t<\/ul>\n\t\t\t\t<\/div>\n\t\t\t\n\t\t\t<div class=\"wrap-title\">\n\t\t\t\t<h3 class=\"wd-entities-title\">\n\t\t\t\t\t<a href=\"https:\/\/muenchen-xase.de\/fotogallerie\/tscherkessischer-kulturverein-muenchen-e-v-ostertreffen-der-vereine-in-europa-gastgeberverein-muenchen-2016\/\" rel=\"bookmark\">Tscherkessischer Kulturverein M\u00fcnchen e.V Ostertreffen der  Vereine in Europa. Gastgeberverein M\u00fcnchen 2016<\/a>\n\t\t\t\t<\/h3>\n\t\t\t<\/div>\n\t\t<\/div>\n\t<\/header>\n<\/article>\n\t\t\n\t\t\n\t\t\t\t\t","status":"no-more-posts","nextPage":"?woo_ajax=1","currentPage":"https:\/\/muenchen-xase.de\/fotogallerie\/page\/2"}